{"id":30064,"date":"2026-08-26T13:42:13","date_gmt":"2026-08-26T13:42:13","guid":{"rendered":"https:\/\/radiovegamega.com\/web\/?p=30064"},"modified":"2026-08-26T13:42:13","modified_gmt":"2026-08-26T13:42:13","slug":"%f0%9f%8e%a4-atencion-milagro-acm-anuncia-el-i-concurso-de-oratoria-lic-julio-fajardo-vera","status":"publish","type":"post","link":"https:\/\/radiovegamega.com\/web\/2026\/08\/26\/%f0%9f%8e%a4-atencion-milagro-acm-anuncia-el-i-concurso-de-oratoria-lic-julio-fajardo-vera\/","title":{"rendered":"\ud83c\udfa4 \u00a1ATENCI\u00d3N MILAGRO! ACM ANUNCIA EL I CONCURSO DE ORATORIA \u201cLIC. JULIO FAJARDO VERA\u201d"},"content":{"rendered":"<p>En el marco de las festividades por la cantonizaci\u00f3n de San Francisco de Milagro, la Asociaci\u00f3n de Comunicadores de Milagro (ACM) lanza oficialmente el I Concurso de Oratoria \u201cLic. Julio Fajardo Vera\u201d.<\/p>\n<p>Un espacio creado para promover la expresi\u00f3n oral, el pensamiento cr\u00edtico y descubrir nuevas voces que inspiren a la ciudad. El certamen rinde homenaje a uno de los fundadores de la ACM y referente de la comunicaci\u00f3n milagre\u00f1a.<\/p>\n<p>Esta primera edici\u00f3n cuenta con el aval acad\u00e9mico de la UNEMI.<\/p>\n<p>La ACM aspira a que esta iniciativa se consolide a\u00f1o tras a\u00f1o, vinculando a instituciones educativas, comunicadores y ciudadan\u00eda.<\/p>\n<p>\u00a1Tu voz puede inspirar a toda una ciudad! \ud83e\udd81\ud83c\udf99\ufe0f<\/p>\n<p>#Milagro #ACM #Oratoria #JulioFajardoVera #UNEMI #RadioVegaMega895 #VegaMegaNoticias<\/p>\n<p><img loading=\"lazy\" decoding=\"async\" class=\"alignnone size-medium wp-image-30065\" src=\"https:\/\/radiovegamega.com\/web\/wp-content\/uploads\/2026\/08\/WhatsApp-Image-2026-08-25-at-12.53.32-228x300.jpeg\" alt=\"\" width=\"228\" height=\"300\" srcset=\"https:\/\/radiovegamega.com\/web\/wp-content\/uploads\/2026\/08\/WhatsApp-Image-2026-08-25-at-12.53.32-228x300.jpeg 228w, https:\/\/radiovegamega.com\/web\/wp-content\/uploads\/2026\/08\/WhatsApp-Image-2026-08-25-at-12.53.32-777x1024.jpeg 777w, https:\/\/radiovegamega.com\/web\/wp-content\/uploads\/2026\/08\/WhatsApp-Image-2026-08-25-at-12.53.32-768x1013.jpeg 768w, https:\/\/radiovegamega.com\/web\/wp-content\/uploads\/2026\/08\/WhatsApp-Image-2026-08-25-at-12.53.32.jpeg 1024w\" sizes=\"auto, (max-width: 228px) 100vw, 228px\" \/><\/p>\n","protected":false},"excerpt":{"rendered":"<p>En el marco de las festividades por la cantonizaci\u00f3n de San Francisco de Milagro, la Asociaci\u00f3n de Comunicadores de Milagro<\/p>\n","protected":false},"author":1,"featured_media":30065,"comment_status":"closed","ping_status":"closed","sticky":false,"template":"","format":"standard","meta":{"colormag_page_container_layout":"default_layout","colormag_page_sidebar_layout":"default_layout","footnotes":""},"categories":[1],"tags":[],"class_list":["post-30064","post","type-post","status-publish","format-standard","has-post-thumbnail","hentry","category-sin-categoria"],"_links":{"self":[{"href":"https:\/\/radiovegamega.com\/web\/wp-json\/wp\/v2\/posts\/30064","targetHints":{"allow":["GET"]}}],"collection":[{"href":"https:\/\/radiovegamega.com\/web\/wp-json\/wp\/v2\/posts"}],"about":[{"href":"https:\/\/radiovegamega.com\/web\/wp-json\/wp\/v2\/types\/post"}],"author":[{"embeddable":true,"href":"https:\/\/radiovegamega.com\/web\/wp-json\/wp\/v2\/users\/1"}],"replies":[{"embeddable":true,"href":"https:\/\/radiovegamega.com\/web\/wp-json\/wp\/v2\/comments?post=30064"}],"version-history":[{"count":1,"href":"https:\/\/radiovegamega.com\/web\/wp-json\/wp\/v2\/posts\/30064\/revisions"}],"predecessor-version":[{"id":30066,"href":"https:\/\/radiovegamega.com\/web\/wp-json\/wp\/v2\/posts\/30064\/revisions\/30066"}],"wp:featuredmedia":[{"embeddable":true,"href":"https:\/\/radiovegamega.com\/web\/wp-json\/wp\/v2\/media\/30065"}],"wp:attachment":[{"href":"https:\/\/radiovegamega.com\/web\/wp-json\/wp\/v2\/media?parent=30064"}],"wp:term":[{"taxonomy":"category","embeddable":true,"href":"https:\/\/radiovegamega.com\/web\/wp-json\/wp\/v2\/categories?post=30064"},{"taxonomy":"post_tag","embeddable":true,"href":"https:\/\/radiovegamega.com\/web\/wp-json\/wp\/v2\/tags?post=30064"}],"curies":[{"name":"wp","href":"https:\/\/api.w.org\/{rel}","templated":true}]}}