{"id":30078,"date":"2026-08-31T16:14:00","date_gmt":"2026-08-31T16:14:00","guid":{"rendered":"https:\/\/radiovegamega.com\/web\/?p=30078"},"modified":"2026-08-31T16:14:00","modified_gmt":"2026-08-31T16:14:00","slug":"este-2-de-septiembre-se-realizara-la-seleccion-de-los-mjrv-para-las-elecciones-2027","status":"publish","type":"post","link":"https:\/\/radiovegamega.com\/web\/2026\/08\/31\/este-2-de-septiembre-se-realizara-la-seleccion-de-los-mjrv-para-las-elecciones-2027\/","title":{"rendered":"ESTE 2 DE SEPTIEMBRE SE REALIZAR\u00c1 LA SELECCI\u00d3N DE LOS MJRV PARA LAS ELECCIONES 2027"},"content":{"rendered":"<p>Este mi\u00e9rcoles 2 de septiembre de 2026, el Consejo Nacional Electoral (CNE) realizar\u00e1 la selecci\u00f3n p\u00fablica de los ciudadanos que se desempe\u00f1ar\u00e1n como Miembros de las Juntas Receptoras del Voto (MJRV) en las Elecciones Seccionales y del Consejo de Participaci\u00f3n Ciudadana y Control Social (CPCCS) 2027.<\/p>\n<p>Los sorteos se ejecutar\u00e1n de forma simult\u00e1nea en las 24 Juntas Provinciales Electorales y la Junta Especial del Exterior, con la presencia de notarios p\u00fablicos.<\/p>\n<p>Los MJRV ser\u00e1n los encargados de receptar los votos y realizar el escrutinio el pr\u00f3ximo domingo 29 de noviembre, d\u00eda de la jornada de sufragio general.<\/p>\n<p>#Elecciones2027 #CNE #MJRV #CPCCS #RadioVegaMega895<\/p>\n<p><img loading=\"lazy\" decoding=\"async\" class=\"alignnone size-medium wp-image-30079\" src=\"https:\/\/radiovegamega.com\/web\/wp-content\/uploads\/2026\/08\/WhatsApp-Image-2026-08-31-at-11.05.39-300x256.jpeg\" alt=\"\" width=\"300\" height=\"256\" srcset=\"https:\/\/radiovegamega.com\/web\/wp-content\/uploads\/2026\/08\/WhatsApp-Image-2026-08-31-at-11.05.39-300x256.jpeg 300w, https:\/\/radiovegamega.com\/web\/wp-content\/uploads\/2026\/08\/WhatsApp-Image-2026-08-31-at-11.05.39-1024x875.jpeg 1024w, https:\/\/radiovegamega.com\/web\/wp-content\/uploads\/2026\/08\/WhatsApp-Image-2026-08-31-at-11.05.39-768x656.jpeg 768w, https:\/\/radiovegamega.com\/web\/wp-content\/uploads\/2026\/08\/WhatsApp-Image-2026-08-31-at-11.05.39.jpeg 1242w\" sizes=\"auto, (max-width: 300px) 100vw, 300px\" \/><\/p>\n","protected":false},"excerpt":{"rendered":"<p>Este mi\u00e9rcoles 2 de septiembre de 2026, el Consejo Nacional Electoral (CNE) realizar\u00e1 la selecci\u00f3n p\u00fablica de los ciudadanos que<\/p>\n","protected":false},"author":1,"featured_media":30080,"comment_status":"closed","ping_status":"closed","sticky":false,"template":"","format":"standard","meta":{"colormag_page_container_layout":"default_layout","colormag_page_sidebar_layout":"default_layout","footnotes":""},"categories":[1],"tags":[],"class_list":["post-30078","post","type-post","status-publish","format-standard","has-post-thumbnail","hentry","category-sin-categoria"],"_links":{"self":[{"href":"https:\/\/radiovegamega.com\/web\/wp-json\/wp\/v2\/posts\/30078","targetHints":{"allow":["GET"]}}],"collection":[{"href":"https:\/\/radiovegamega.com\/web\/wp-json\/wp\/v2\/posts"}],"about":[{"href":"https:\/\/radiovegamega.com\/web\/wp-json\/wp\/v2\/types\/post"}],"author":[{"embeddable":true,"href":"https:\/\/radiovegamega.com\/web\/wp-json\/wp\/v2\/users\/1"}],"replies":[{"embeddable":true,"href":"https:\/\/radiovegamega.com\/web\/wp-json\/wp\/v2\/comments?post=30078"}],"version-history":[{"count":1,"href":"https:\/\/radiovegamega.com\/web\/wp-json\/wp\/v2\/posts\/30078\/revisions"}],"predecessor-version":[{"id":30081,"href":"https:\/\/radiovegamega.com\/web\/wp-json\/wp\/v2\/posts\/30078\/revisions\/30081"}],"wp:featuredmedia":[{"embeddable":true,"href":"https:\/\/radiovegamega.com\/web\/wp-json\/wp\/v2\/media\/30080"}],"wp:attachment":[{"href":"https:\/\/radiovegamega.com\/web\/wp-json\/wp\/v2\/media?parent=30078"}],"wp:term":[{"taxonomy":"category","embeddable":true,"href":"https:\/\/radiovegamega.com\/web\/wp-json\/wp\/v2\/categories?post=30078"},{"taxonomy":"post_tag","embeddable":true,"href":"https:\/\/radiovegamega.com\/web\/wp-json\/wp\/v2\/tags?post=30078"}],"curies":[{"name":"wp","href":"https:\/\/api.w.org\/{rel}","templated":true}]}}